{"id":53065,"date":"2026-04-28T12:01:24","date_gmt":"2026-04-28T09:01:24","guid":{"rendered":"https:\/\/fyi.news\/?post_type=articles&#038;p=53065"},"modified":"2026-04-28T15:21:38","modified_gmt":"2026-04-28T12:21:38","slug":"lvmh-tannery-pushes-to-weaken-eu-anti-deforestation-law","status":"publish","type":"articles","link":"https:\/\/www.fyi.news\/en\/articles\/lvmh-tannery-pushes-to-weaken-eu-anti-deforestation-law\/","title":{"rendered":"LVMH tannery pushes to weaken EU anti-deforestation law"},"excerpt":{"rendered":"","protected":false},"featured_media":53059,"template":"","article_categories":[29],"article_tags":[],"class_list":["post-53065","articles","type-articles","status-publish","has-post-thumbnail","hentry","article_categories-news-en"],"acf":[],"yoast_head":"<!-- This site is optimized with the Yoast SEO plugin v27.0 - https:\/\/yoast.com\/product\/yoast-seo-wordpress\/ -->\n<title>LVMH tannery pushes to weaken EU anti-deforestation law - FYI<\/title>\n<meta name=\"robots\" content=\"index, follow, max-snippet:-1, max-image-preview:large, max-video-preview:-1\" \/>\n<link rel=\"canonical\" href=\"https:\/\/fyi.news\/en\/articles\/lvmh-tannery-pushes-to-weaken-eu-anti-deforestation-law\/\" \/>\n<meta property=\"og:locale\" content=\"en_US\" \/>\n<meta property=\"og:type\" content=\"article\" \/>\n<meta property=\"og:title\" content=\"LVMH tannery pushes to weaken EU anti-deforestation law - FYI\" \/>\n<meta property=\"og:url\" content=\"https:\/\/www.fyi.news\/en\/articles\/lvmh-tannery-pushes-to-weaken-eu-anti-deforestation-law\/\" \/>\n<meta property=\"og:site_name\" content=\"FYI\" \/>\n<meta property=\"article:publisher\" content=\"https:\/\/www.facebook.com\/fyi.news.official\" \/>\n<meta property=\"article:modified_time\" content=\"2026-04-28T12:21:38+00:00\" \/>\n<meta property=\"og:image\" content=\"https:\/\/fyi.news\/wp-content\/uploads\/2026\/04\/2023-12-30T000000Z_1293553948_MT1IMGOST000ULYOBU_RTRMADP_3_IMAGO-IMAGES-scaled.jpg\" \/>\n\t<meta property=\"og:image:width\" content=\"2560\" \/>\n\t<meta property=\"og:image:height\" content=\"1707\" \/>\n\t<meta property=\"og:image:type\" content=\"image\/jpeg\" \/>\n<meta name=\"twitter:card\" content=\"summary_large_image\" \/>\n<meta name=\"twitter:label1\" content=\"Est. reading time\" \/>\n\t<meta name=\"twitter:data1\" content=\"1 minute\" \/>\n<script type=\"application\/ld+json\" class=\"yoast-schema-graph\">{\"@context\":\"https:\/\/schema.org\",\"@graph\":[{\"@type\":\"WebPage\",\"@id\":\"https:\/\/fyi.news\/en\/articles\/lvmh-tannery-pushes-to-weaken-eu-anti-deforestation-law\/\",\"url\":\"https:\/\/fyi.news\/en\/articles\/lvmh-tannery-pushes-to-weaken-eu-anti-deforestation-law\/\",\"name\":\"LVMH tannery pushes to weaken EU anti-deforestation law - FYI\",\"isPartOf\":{\"@id\":\"https:\/\/www.fyi.news\/en\/#website\"},\"primaryImageOfPage\":{\"@id\":\"https:\/\/fyi.news\/en\/articles\/lvmh-tannery-pushes-to-weaken-eu-anti-deforestation-law\/#primaryimage\"},\"image\":{\"@id\":\"https:\/\/fyi.news\/en\/articles\/lvmh-tannery-pushes-to-weaken-eu-anti-deforestation-law\/#primaryimage\"},\"thumbnailUrl\":\"https:\/\/www.fyi.news\/wp-content\/uploads\/2026\/04\/2023-12-30T000000Z_1293553948_MT1IMGOST000ULYOBU_RTRMADP_3_IMAGO-IMAGES-scaled.jpg\",\"datePublished\":\"2026-04-28T09:01:24+00:00\",\"dateModified\":\"2026-04-28T12:21:38+00:00\",\"breadcrumb\":{\"@id\":\"https:\/\/fyi.news\/en\/articles\/lvmh-tannery-pushes-to-weaken-eu-anti-deforestation-law\/#breadcrumb\"},\"inLanguage\":\"en-US\",\"potentialAction\":[{\"@type\":\"ReadAction\",\"target\":[\"https:\/\/fyi.news\/en\/articles\/lvmh-tannery-pushes-to-weaken-eu-anti-deforestation-law\/\"]}]},{\"@type\":\"ImageObject\",\"inLanguage\":\"en-US\",\"@id\":\"https:\/\/fyi.news\/en\/articles\/lvmh-tannery-pushes-to-weaken-eu-anti-deforestation-law\/#primaryimage\",\"url\":\"https:\/\/www.fyi.news\/wp-content\/uploads\/2026\/04\/2023-12-30T000000Z_1293553948_MT1IMGOST000ULYOBU_RTRMADP_3_IMAGO-IMAGES-scaled.jpg\",\"contentUrl\":\"https:\/\/www.fyi.news\/wp-content\/uploads\/2026\/04\/2023-12-30T000000Z_1293553948_MT1IMGOST000ULYOBU_RTRMADP_3_IMAGO-IMAGES-scaled.jpg\",\"width\":2560,\"height\":1707,\"caption\":\"D\u00fcsseldorf 30.12.2023 Louis Vuitton Reisetasche Reisegep\u00e4ck Kunstledertasche Schultertasche Handtasche D\u00fcsseldorf Nordrhein-Westfalen Deutschland *** D\u00fcsseldorf 30 12 2023 Louis Vuitton travel bag luggage faux leather bag shoulder bag handbag D\u00fcsseldorf North Rhine Westphalia GermanyNo Use Switzerland. No Use Germany. No Use Japan. No Use Austria\"},{\"@type\":\"BreadcrumbList\",\"@id\":\"https:\/\/fyi.news\/en\/articles\/lvmh-tannery-pushes-to-weaken-eu-anti-deforestation-law\/#breadcrumb\",\"itemListElement\":[{\"@type\":\"ListItem\",\"position\":1,\"name\":\"Home\",\"item\":\"https:\/\/fyi.news\/en\/\"},{\"@type\":\"ListItem\",\"position\":2,\"name\":\"Articles\",\"item\":\"https:\/\/www.fyi.news\/en\/categories\/\"},{\"@type\":\"ListItem\",\"position\":3,\"name\":\"LVMH tannery pushes to weaken EU anti-deforestation law\"}]},{\"@type\":\"WebSite\",\"@id\":\"https:\/\/www.fyi.news\/en\/#website\",\"url\":\"https:\/\/www.fyi.news\/en\/\",\"name\":\"FYI News\",\"description\":\"\u03b5\u03b9\u03b4\u03ae\u03c3\u03b5\u03b9\u03c2 \u03b3\u03b9\u03b1 \u03c3\u03ad\u03bd\u03b1\",\"publisher\":{\"@id\":\"https:\/\/www.fyi.news\/en\/#organization\"},\"potentialAction\":[{\"@type\":\"SearchAction\",\"target\":{\"@type\":\"EntryPoint\",\"urlTemplate\":\"https:\/\/www.fyi.news\/en\/?s={search_term_string}\"},\"query-input\":{\"@type\":\"PropertyValueSpecification\",\"valueRequired\":true,\"valueName\":\"search_term_string\"}}],\"inLanguage\":\"en-US\"},{\"@type\":\"Organization\",\"@id\":\"https:\/\/www.fyi.news\/en\/#organization\",\"name\":\"FYI News\",\"url\":\"https:\/\/www.fyi.news\/en\/\",\"logo\":{\"@type\":\"ImageObject\",\"inLanguage\":\"en-US\",\"@id\":\"https:\/\/www.fyi.news\/en\/#\/schema\/logo\/image\/\",\"url\":\"https:\/\/www.fyi.news\/wp-content\/uploads\/2023\/03\/Logo_fyi.svg\",\"contentUrl\":\"https:\/\/www.fyi.news\/wp-content\/uploads\/2023\/03\/Logo_fyi.svg\",\"width\":75,\"height\":53,\"caption\":\"FYI News\"},\"image\":{\"@id\":\"https:\/\/www.fyi.news\/en\/#\/schema\/logo\/image\/\"},\"sameAs\":[\"https:\/\/www.facebook.com\/fyi.news.official\"]}]}<\/script>\n<!-- \/ Yoast SEO plugin. -->","yoast_head_json":{"title":"LVMH tannery pushes to weaken EU anti-deforestation law - FYI","robots":{"index":"index","follow":"follow","max-snippet":"max-snippet:-1","max-image-preview":"max-image-preview:large","max-video-preview":"max-video-preview:-1"},"canonical":"https:\/\/fyi.news\/en\/articles\/lvmh-tannery-pushes-to-weaken-eu-anti-deforestation-law\/","og_locale":"en_US","og_type":"article","og_title":"LVMH tannery pushes to weaken EU anti-deforestation law - FYI","og_url":"https:\/\/www.fyi.news\/en\/articles\/lvmh-tannery-pushes-to-weaken-eu-anti-deforestation-law\/","og_site_name":"FYI","article_publisher":"https:\/\/www.facebook.com\/fyi.news.official","article_modified_time":"2026-04-28T12:21:38+00:00","og_image":[{"width":2560,"height":1707,"url":"https:\/\/fyi.news\/wp-content\/uploads\/2026\/04\/2023-12-30T000000Z_1293553948_MT1IMGOST000ULYOBU_RTRMADP_3_IMAGO-IMAGES-scaled.jpg","type":"image\/jpeg"}],"twitter_card":"summary_large_image","twitter_misc":{"Est. reading time":"1 minute"},"schema":{"@context":"https:\/\/schema.org","@graph":[{"@type":"WebPage","@id":"https:\/\/fyi.news\/en\/articles\/lvmh-tannery-pushes-to-weaken-eu-anti-deforestation-law\/","url":"https:\/\/fyi.news\/en\/articles\/lvmh-tannery-pushes-to-weaken-eu-anti-deforestation-law\/","name":"LVMH tannery pushes to weaken EU anti-deforestation law - FYI","isPartOf":{"@id":"https:\/\/www.fyi.news\/en\/#website"},"primaryImageOfPage":{"@id":"https:\/\/fyi.news\/en\/articles\/lvmh-tannery-pushes-to-weaken-eu-anti-deforestation-law\/#primaryimage"},"image":{"@id":"https:\/\/fyi.news\/en\/articles\/lvmh-tannery-pushes-to-weaken-eu-anti-deforestation-law\/#primaryimage"},"thumbnailUrl":"https:\/\/www.fyi.news\/wp-content\/uploads\/2026\/04\/2023-12-30T000000Z_1293553948_MT1IMGOST000ULYOBU_RTRMADP_3_IMAGO-IMAGES-scaled.jpg","datePublished":"2026-04-28T09:01:24+00:00","dateModified":"2026-04-28T12:21:38+00:00","breadcrumb":{"@id":"https:\/\/fyi.news\/en\/articles\/lvmh-tannery-pushes-to-weaken-eu-anti-deforestation-law\/#breadcrumb"},"inLanguage":"en-US","potentialAction":[{"@type":"ReadAction","target":["https:\/\/fyi.news\/en\/articles\/lvmh-tannery-pushes-to-weaken-eu-anti-deforestation-law\/"]}]},{"@type":"ImageObject","inLanguage":"en-US","@id":"https:\/\/fyi.news\/en\/articles\/lvmh-tannery-pushes-to-weaken-eu-anti-deforestation-law\/#primaryimage","url":"https:\/\/www.fyi.news\/wp-content\/uploads\/2026\/04\/2023-12-30T000000Z_1293553948_MT1IMGOST000ULYOBU_RTRMADP_3_IMAGO-IMAGES-scaled.jpg","contentUrl":"https:\/\/www.fyi.news\/wp-content\/uploads\/2026\/04\/2023-12-30T000000Z_1293553948_MT1IMGOST000ULYOBU_RTRMADP_3_IMAGO-IMAGES-scaled.jpg","width":2560,"height":1707,"caption":"D\u00fcsseldorf 30.12.2023 Louis Vuitton Reisetasche Reisegep\u00e4ck Kunstledertasche Schultertasche Handtasche D\u00fcsseldorf Nordrhein-Westfalen Deutschland *** D\u00fcsseldorf 30 12 2023 Louis Vuitton travel bag luggage faux leather bag shoulder bag handbag D\u00fcsseldorf North Rhine Westphalia GermanyNo Use Switzerland. No Use Germany. No Use Japan. No Use Austria"},{"@type":"BreadcrumbList","@id":"https:\/\/fyi.news\/en\/articles\/lvmh-tannery-pushes-to-weaken-eu-anti-deforestation-law\/#breadcrumb","itemListElement":[{"@type":"ListItem","position":1,"name":"Home","item":"https:\/\/fyi.news\/en\/"},{"@type":"ListItem","position":2,"name":"Articles","item":"https:\/\/www.fyi.news\/en\/categories\/"},{"@type":"ListItem","position":3,"name":"LVMH tannery pushes to weaken EU anti-deforestation law"}]},{"@type":"WebSite","@id":"https:\/\/www.fyi.news\/en\/#website","url":"https:\/\/www.fyi.news\/en\/","name":"FYI News","description":"\u03b5\u03b9\u03b4\u03ae\u03c3\u03b5\u03b9\u03c2 \u03b3\u03b9\u03b1 \u03c3\u03ad\u03bd\u03b1","publisher":{"@id":"https:\/\/www.fyi.news\/en\/#organization"},"potentialAction":[{"@type":"SearchAction","target":{"@type":"EntryPoint","urlTemplate":"https:\/\/www.fyi.news\/en\/?s={search_term_string}"},"query-input":{"@type":"PropertyValueSpecification","valueRequired":true,"valueName":"search_term_string"}}],"inLanguage":"en-US"},{"@type":"Organization","@id":"https:\/\/www.fyi.news\/en\/#organization","name":"FYI News","url":"https:\/\/www.fyi.news\/en\/","logo":{"@type":"ImageObject","inLanguage":"en-US","@id":"https:\/\/www.fyi.news\/en\/#\/schema\/logo\/image\/","url":"https:\/\/www.fyi.news\/wp-content\/uploads\/2023\/03\/Logo_fyi.svg","contentUrl":"https:\/\/www.fyi.news\/wp-content\/uploads\/2023\/03\/Logo_fyi.svg","width":75,"height":53,"caption":"FYI News"},"image":{"@id":"https:\/\/www.fyi.news\/en\/#\/schema\/logo\/image\/"},"sameAs":["https:\/\/www.facebook.com\/fyi.news.official"]}]}},"distributor_meta":false,"distributor_terms":false,"distributor_media":false,"distributor_original_site_name":"FYI","distributor_original_site_url":"https:\/\/www.fyi.news\/en\/","push-errors":false,"_links":{"self":[{"href":"https:\/\/www.fyi.news\/en\/wp-json\/wp\/v2\/articles\/53065","targetHints":{"allow":["GET"]}}],"collection":[{"href":"https:\/\/www.fyi.news\/en\/wp-json\/wp\/v2\/articles"}],"about":[{"href":"https:\/\/www.fyi.news\/en\/wp-json\/wp\/v2\/types\/articles"}],"version-history":[{"count":2,"href":"https:\/\/www.fyi.news\/en\/wp-json\/wp\/v2\/articles\/53065\/revisions"}],"predecessor-version":[{"id":53068,"href":"https:\/\/www.fyi.news\/en\/wp-json\/wp\/v2\/articles\/53065\/revisions\/53068"}],"wp:featuredmedia":[{"embeddable":true,"href":"https:\/\/www.fyi.news\/en\/wp-json\/wp\/v2\/media\/53059"}],"wp:attachment":[{"href":"https:\/\/www.fyi.news\/en\/wp-json\/wp\/v2\/media?parent=53065"}],"wp:term":[{"taxonomy":"article_categories","embeddable":true,"href":"https:\/\/www.fyi.news\/en\/wp-json\/wp\/v2\/article_categories?post=53065"},{"taxonomy":"article_tags","embeddable":true,"href":"https:\/\/www.fyi.news\/en\/wp-json\/wp\/v2\/article_tags?post=53065"}],"curies":[{"name":"wp","href":"https:\/\/api.w.org\/{rel}","templated":true}]}}